{"id":9010,"date":"2024-06-27T13:12:09","date_gmt":"2024-06-27T16:12:09","guid":{"rendered":"https:\/\/medicina.uncoma.edu.ar\/?p=9010"},"modified":"2024-06-27T13:12:09","modified_gmt":"2024-06-27T16:12:09","slug":"fechas-de-inscripcion-a-cursar-asignaturas","status":"publish","type":"post","link":"https:\/\/medicina.uncoma.edu.ar\/index.php\/novedades\/fechas-de-inscripcion-a-cursar-asignaturas\/","title":{"rendered":"FECHAS DE INSCRIPCION A CURSAR ASIGNATURAS"},"content":{"rendered":"<p>Compartimos palabras de la Sra Decana Mgt Silvia Avila y la Sra Secretaria Acad\u00e9mica, Lic Bioq Julie<span style=\"font-size: 12pt;\">ta <span style=\"color: #000000;\">M\u00fcller que refieren a las fechas de inscripci\u00f3n a cursar asignaturas en el segundo cuatrimestre.<br \/>\n<\/span><\/span><\/p>\n<p><a href=\"https:\/\/medicina.uncoma.edu.ar\/wp-content\/uploads\/2024\/06\/Comunicado-FECHAS-DE-INSCRIPCION-A-ASIGNATURAS-FACIMED.pdf\">Comunicado FECHAS DE INSCRIPCION A ASIGNATURAS FACIMED<\/a><\/p>\n","protected":false},"excerpt":{"rendered":"<p>Compartimos palabras de la Sra Decana Mgt Silvia Avila y la Sra Secretaria Acad\u00e9mica, Lic Bioq Julieta M\u00fcller que refieren a las fechas de inscripci\u00f3n a cursar asignaturas en el segundo cuatrimestre. Comunicado FECHAS DE INSCRIPCION A ASIGNATURAS FACIMED<\/p>\n","protected":false},"author":10,"featured_media":2603,"comment_status":"closed","ping_status":"closed","sticky":false,"template":"","format":"standard","meta":{"_acf_changed":false,"footnotes":""},"categories":[155,107],"tags":[],"class_list":["post-9010","post","type-post","status-publish","format-standard","has-post-thumbnail","hentry","category-institucional","category-novedades"],"acf":[],"_links":{"self":[{"href":"https:\/\/medicina.uncoma.edu.ar\/index.php\/wp-json\/wp\/v2\/posts\/9010","targetHints":{"allow":["GET"]}}],"collection":[{"href":"https:\/\/medicina.uncoma.edu.ar\/index.php\/wp-json\/wp\/v2\/posts"}],"about":[{"href":"https:\/\/medicina.uncoma.edu.ar\/index.php\/wp-json\/wp\/v2\/types\/post"}],"author":[{"embeddable":true,"href":"https:\/\/medicina.uncoma.edu.ar\/index.php\/wp-json\/wp\/v2\/users\/10"}],"replies":[{"embeddable":true,"href":"https:\/\/medicina.uncoma.edu.ar\/index.php\/wp-json\/wp\/v2\/comments?post=9010"}],"version-history":[{"count":1,"href":"https:\/\/medicina.uncoma.edu.ar\/index.php\/wp-json\/wp\/v2\/posts\/9010\/revisions"}],"predecessor-version":[{"id":9011,"href":"https:\/\/medicina.uncoma.edu.ar\/index.php\/wp-json\/wp\/v2\/posts\/9010\/revisions\/9011"}],"wp:featuredmedia":[{"embeddable":true,"href":"https:\/\/medicina.uncoma.edu.ar\/index.php\/wp-json\/wp\/v2\/media\/2603"}],"wp:attachment":[{"href":"https:\/\/medicina.uncoma.edu.ar\/index.php\/wp-json\/wp\/v2\/media?parent=9010"}],"wp:term":[{"taxonomy":"category","embeddable":true,"href":"https:\/\/medicina.uncoma.edu.ar\/index.php\/wp-json\/wp\/v2\/categories?post=9010"},{"taxonomy":"post_tag","embeddable":true,"href":"https:\/\/medicina.uncoma.edu.ar\/index.php\/wp-json\/wp\/v2\/tags?post=9010"}],"curies":[{"name":"wp","href":"https:\/\/api.w.org\/{rel}","templated":true}]}}