{"id":7492,"date":"2023-07-28T19:44:23","date_gmt":"2023-07-28T22:44:23","guid":{"rendered":"https:\/\/medicina.uncoma.edu.ar\/?p=7492"},"modified":"2023-07-28T20:41:04","modified_gmt":"2023-07-28T23:41:04","slug":"convocatoria-para-formar-parte-del-proyecto-de-extension-2023-2025-enraizando-saberes-con-enfoque-de-derecho-para-las-infancias-saludables-localidad-los-menucos","status":"publish","type":"post","link":"https:\/\/medicina.uncoma.edu.ar\/index.php\/extension\/actividades-de-extension\/convocatoria-para-formar-parte-del-proyecto-de-extension-2023-2025-enraizando-saberes-con-enfoque-de-derecho-para-las-infancias-saludables-localidad-los-menucos\/","title":{"rendered":"Convocatoria para formar parte del Proyecto de Extensi\u00f3n 2023-2025:\u00a0  Enraizando saberes con enfoque de derecho para las infancias saludables.\u00a0Localidad: Los Menucos\u00a0"},"content":{"rendered":"<p><span>Convocatoria para formar parte del Proyecto de Extensi\u00f3n 2023-2025:\u00a0<\/span><\/p>\n<p><b>Enraizando saberes con enfoque de derecho para las infancias saludables.<span>\u00a0<\/span><\/b><span>Localidad: Los Menucos\u00a0<\/span><\/p>\n<div>Dirigida a Estudiantes de la Facultad de Ciencias M\u00e9dicas &#8211; UNComa<\/div>\n<div><\/div>\n<div>Objetivo: Conocer el perfil nutricional de los infantes menores de 5 a\u00f1os de la comunidad de los Menucos y sus parajes, propiciando cambios hacia una alimentaci\u00f3n saludable a trav\u00e9s del trabajo colectivo, integrando salud y educaci\u00f3n, con la finalidad de conocer la realidad y consensuar con la comunidad, y los agentes locales, las causas y soluciones de los problemas nutricionales y su implicancia en la salud integral infantil<\/div>\n<p>Directora: Bassi Daniela<\/p>\n<p>Estudiantes interesados comunicarse al siguiente correo: dani_bassi@hotmail.com<\/p>\n<p>&nbsp;<\/p>\n<p>&nbsp;<\/p>\n<p>&nbsp;<\/p>\n","protected":false},"excerpt":{"rendered":"<p>Convocatoria para formar parte del Proyecto de Extensi\u00f3n 2023-2025:\u00a0 Enraizando saberes con enfoque de derecho para las infancias saludables.\u00a0Localidad: Los Menucos\u00a0 Dirigida a Estudiantes de la Facultad de Ciencias M\u00e9dicas &#8211; UNComa Objetivo: Conocer el perfil nutricional de los infantes menores de 5 a\u00f1os de la comunidad de los Menucos y sus parajes, propiciando cambios [&hellip;]<\/p>\n","protected":false},"author":15,"featured_media":3417,"comment_status":"closed","ping_status":"closed","sticky":false,"template":"","format":"standard","meta":{"_acf_changed":false,"footnotes":""},"categories":[95,166],"tags":[],"class_list":["post-7492","post","type-post","status-publish","format-standard","has-post-thumbnail","hentry","category-actividades-de-extension","category-extension"],"acf":[],"_links":{"self":[{"href":"https:\/\/medicina.uncoma.edu.ar\/index.php\/wp-json\/wp\/v2\/posts\/7492","targetHints":{"allow":["GET"]}}],"collection":[{"href":"https:\/\/medicina.uncoma.edu.ar\/index.php\/wp-json\/wp\/v2\/posts"}],"about":[{"href":"https:\/\/medicina.uncoma.edu.ar\/index.php\/wp-json\/wp\/v2\/types\/post"}],"author":[{"embeddable":true,"href":"https:\/\/medicina.uncoma.edu.ar\/index.php\/wp-json\/wp\/v2\/users\/15"}],"replies":[{"embeddable":true,"href":"https:\/\/medicina.uncoma.edu.ar\/index.php\/wp-json\/wp\/v2\/comments?post=7492"}],"version-history":[{"count":3,"href":"https:\/\/medicina.uncoma.edu.ar\/index.php\/wp-json\/wp\/v2\/posts\/7492\/revisions"}],"predecessor-version":[{"id":7497,"href":"https:\/\/medicina.uncoma.edu.ar\/index.php\/wp-json\/wp\/v2\/posts\/7492\/revisions\/7497"}],"wp:featuredmedia":[{"embeddable":true,"href":"https:\/\/medicina.uncoma.edu.ar\/index.php\/wp-json\/wp\/v2\/media\/3417"}],"wp:attachment":[{"href":"https:\/\/medicina.uncoma.edu.ar\/index.php\/wp-json\/wp\/v2\/media?parent=7492"}],"wp:term":[{"taxonomy":"category","embeddable":true,"href":"https:\/\/medicina.uncoma.edu.ar\/index.php\/wp-json\/wp\/v2\/categories?post=7492"},{"taxonomy":"post_tag","embeddable":true,"href":"https:\/\/medicina.uncoma.edu.ar\/index.php\/wp-json\/wp\/v2\/tags?post=7492"}],"curies":[{"name":"wp","href":"https:\/\/api.w.org\/{rel}","templated":true}]}}