{"id":6757,"date":"2023-04-17T15:55:47","date_gmt":"2023-04-17T18:55:47","guid":{"rendered":"https:\/\/medicina.uncoma.edu.ar\/?p=6757"},"modified":"2023-04-17T19:57:19","modified_gmt":"2023-04-17T22:57:19","slug":"jornadas-de-extension-concientizacion-y-dialoga-sobre-autismo","status":"publish","type":"post","link":"https:\/\/medicina.uncoma.edu.ar\/index.php\/extension\/actividades-de-extension\/jornadas-de-extension-concientizacion-y-dialoga-sobre-autismo\/","title":{"rendered":"Jornadas de Extensi\u00f3n &#8220;Concientizaci\u00f3n y Di\u00e1loga sobre Autismo&#8221;"},"content":{"rendered":"<p>Con m\u00e1s 100 asistentes presenciales (y cerca de 200 pre-inscriptos), el pasado viernes 14 de abril se realiz\u00f3 la Jornada de Extensi\u00f3n Concientizaci\u00f3n y Di\u00e1logo sobre Autismo (Res. CD FaCiMed N\u00ba 50\/23). Participaron como disertantes el M\u00e9d. Juan Jos\u00e9 L\u00f3pez Luro, reconocido Pediatra especializado en Desarrollo y Gast\u00f3n D&#8217;Angelo, Director de la Fundaci\u00f3n Faro Patagonia.<\/p>\n<p>El Sec. de Extensi\u00f3n de la FaCiMed, Mgt. Mart\u00edn Regueiro, agradeci\u00f3 la presencia de todos los participantes y destac\u00f3 la importancia de la actividad que consider\u00f3 como el inici\u00f3 de un trabajo interdisciplinario necesario para dar respuestas a las demandas de la comunidad. En este sentido, menciono el inter\u00e9s de desarrollar desde la FaCiMed un Diplomatura de Extensi\u00f3n Universitaria sobre la Condici\u00f3n del Espectro Autista (CEA), generar Proyectos de Investigaci\u00f3n y ofrecer Capacitaciones de Posgrado vinculadas a la tem\u00e1tica.<\/p>\n<p>Asistieron profesionales y estudiantes vinculados a la salud (medicina, psicolog\u00eda, fonoudiolog\u00eda, acompa\u00f1amiento terap\u00e9utico), docentes y directivos de diferentes niveles educativos, familiares de personas diagnosticadas con CEA y comunidad en general. Asimismo cabe destacar la presencia de autoridades de la UNComa: el Prof. Daniel Perez Sucunza, Vice-decano de la Facultad de Ciencias de la Educaci\u00f3n (FCE); la Dra. Maria Martha Quintana, Sec. de Extensi\u00f3n de la FCE y, el Prof. Jorge Rodr\u00edguez, Sec. de Extensi\u00f3n de la Facultad de Inform\u00e1tica (FAIN).<\/p>\n<p>Compartimos im\u00e1genes del encuentro:<\/p>\n<p><img fetchpriority=\"high\" decoding=\"async\" src=\"https:\/\/medicina.uncoma.edu.ar\/wp-content\/uploads\/2023\/04\/IMG-20230414-WA0024.jpg\" alt=\"\" width=\"616\" height=\"304\" class=\"alignnone wp-image-6759\" srcset=\"https:\/\/medicina.uncoma.edu.ar\/wp-content\/uploads\/2023\/04\/IMG-20230414-WA0024.jpg 1280w, https:\/\/medicina.uncoma.edu.ar\/wp-content\/uploads\/2023\/04\/IMG-20230414-WA0024-300x148.jpg 300w, https:\/\/medicina.uncoma.edu.ar\/wp-content\/uploads\/2023\/04\/IMG-20230414-WA0024-1024x506.jpg 1024w, https:\/\/medicina.uncoma.edu.ar\/wp-content\/uploads\/2023\/04\/IMG-20230414-WA0024-768x379.jpg 768w, https:\/\/medicina.uncoma.edu.ar\/wp-content\/uploads\/2023\/04\/IMG-20230414-WA0024-24x12.jpg 24w, https:\/\/medicina.uncoma.edu.ar\/wp-content\/uploads\/2023\/04\/IMG-20230414-WA0024-36x18.jpg 36w, https:\/\/medicina.uncoma.edu.ar\/wp-content\/uploads\/2023\/04\/IMG-20230414-WA0024-48x24.jpg 48w\" sizes=\"(max-width: 616px) 100vw, 616px\" \/> <img decoding=\"async\" src=\"https:\/\/medicina.uncoma.edu.ar\/wp-content\/uploads\/2023\/04\/IMG_20230414_170717469_HDR.jpg\" alt=\"\" width=\"620\" height=\"408\" class=\"alignnone wp-image-6760\" srcset=\"https:\/\/medicina.uncoma.edu.ar\/wp-content\/uploads\/2023\/04\/IMG_20230414_170717469_HDR.jpg 1713w, https:\/\/medicina.uncoma.edu.ar\/wp-content\/uploads\/2023\/04\/IMG_20230414_170717469_HDR-300x197.jpg 300w, https:\/\/medicina.uncoma.edu.ar\/wp-content\/uploads\/2023\/04\/IMG_20230414_170717469_HDR-1024x673.jpg 1024w, https:\/\/medicina.uncoma.edu.ar\/wp-content\/uploads\/2023\/04\/IMG_20230414_170717469_HDR-768x505.jpg 768w, https:\/\/medicina.uncoma.edu.ar\/wp-content\/uploads\/2023\/04\/IMG_20230414_170717469_HDR-1536x1010.jpg 1536w, https:\/\/medicina.uncoma.edu.ar\/wp-content\/uploads\/2023\/04\/IMG_20230414_170717469_HDR-24x16.jpg 24w, https:\/\/medicina.uncoma.edu.ar\/wp-content\/uploads\/2023\/04\/IMG_20230414_170717469_HDR-36x24.jpg 36w, https:\/\/medicina.uncoma.edu.ar\/wp-content\/uploads\/2023\/04\/IMG_20230414_170717469_HDR-48x32.jpg 48w\" sizes=\"(max-width: 620px) 100vw, 620px\" \/><img decoding=\"async\" src=\"https:\/\/medicina.uncoma.edu.ar\/wp-content\/uploads\/2023\/04\/IMG-20230414-WA0026-e1681754612419.jpg\" alt=\"\" width=\"620\" height=\"558\" class=\"alignnone wp-image-6758\" srcset=\"https:\/\/medicina.uncoma.edu.ar\/wp-content\/uploads\/2023\/04\/IMG-20230414-WA0026-e1681754612419.jpg 1088w, https:\/\/medicina.uncoma.edu.ar\/wp-content\/uploads\/2023\/04\/IMG-20230414-WA0026-e1681754612419-300x270.jpg 300w, https:\/\/medicina.uncoma.edu.ar\/wp-content\/uploads\/2023\/04\/IMG-20230414-WA0026-e1681754612419-1024x921.jpg 1024w, https:\/\/medicina.uncoma.edu.ar\/wp-content\/uploads\/2023\/04\/IMG-20230414-WA0026-e1681754612419-768x691.jpg 768w, https:\/\/medicina.uncoma.edu.ar\/wp-content\/uploads\/2023\/04\/IMG-20230414-WA0026-e1681754612419-24x22.jpg 24w, https:\/\/medicina.uncoma.edu.ar\/wp-content\/uploads\/2023\/04\/IMG-20230414-WA0026-e1681754612419-36x32.jpg 36w, https:\/\/medicina.uncoma.edu.ar\/wp-content\/uploads\/2023\/04\/IMG-20230414-WA0026-e1681754612419-48x43.jpg 48w\" sizes=\"(max-width: 620px) 100vw, 620px\" \/><\/p>\n<p>&nbsp;<\/p>\n<p>&nbsp;<\/p>\n","protected":false},"excerpt":{"rendered":"<p>Con m\u00e1s 100 asistentes presenciales (y cerca de 200 pre-inscriptos), el pasado viernes 14 de abril se realiz\u00f3 la Jornada de Extensi\u00f3n Concientizaci\u00f3n y Di\u00e1logo sobre Autismo (Res. CD FaCiMed N\u00ba 50\/23). Participaron como disertantes el M\u00e9d. Juan Jos\u00e9 L\u00f3pez Luro, reconocido Pediatra especializado en Desarrollo y Gast\u00f3n D&#8217;Angelo, Director de la Fundaci\u00f3n Faro Patagonia. [&hellip;]<\/p>\n","protected":false},"author":15,"featured_media":6759,"comment_status":"closed","ping_status":"closed","sticky":false,"template":"","format":"standard","meta":{"_acf_changed":false,"footnotes":""},"categories":[95,166],"tags":[],"class_list":["post-6757","post","type-post","status-publish","format-standard","has-post-thumbnail","hentry","category-actividades-de-extension","category-extension"],"acf":[],"_links":{"self":[{"href":"https:\/\/medicina.uncoma.edu.ar\/index.php\/wp-json\/wp\/v2\/posts\/6757","targetHints":{"allow":["GET"]}}],"collection":[{"href":"https:\/\/medicina.uncoma.edu.ar\/index.php\/wp-json\/wp\/v2\/posts"}],"about":[{"href":"https:\/\/medicina.uncoma.edu.ar\/index.php\/wp-json\/wp\/v2\/types\/post"}],"author":[{"embeddable":true,"href":"https:\/\/medicina.uncoma.edu.ar\/index.php\/wp-json\/wp\/v2\/users\/15"}],"replies":[{"embeddable":true,"href":"https:\/\/medicina.uncoma.edu.ar\/index.php\/wp-json\/wp\/v2\/comments?post=6757"}],"version-history":[{"count":4,"href":"https:\/\/medicina.uncoma.edu.ar\/index.php\/wp-json\/wp\/v2\/posts\/6757\/revisions"}],"predecessor-version":[{"id":6777,"href":"https:\/\/medicina.uncoma.edu.ar\/index.php\/wp-json\/wp\/v2\/posts\/6757\/revisions\/6777"}],"wp:featuredmedia":[{"embeddable":true,"href":"https:\/\/medicina.uncoma.edu.ar\/index.php\/wp-json\/wp\/v2\/media\/6759"}],"wp:attachment":[{"href":"https:\/\/medicina.uncoma.edu.ar\/index.php\/wp-json\/wp\/v2\/media?parent=6757"}],"wp:term":[{"taxonomy":"category","embeddable":true,"href":"https:\/\/medicina.uncoma.edu.ar\/index.php\/wp-json\/wp\/v2\/categories?post=6757"},{"taxonomy":"post_tag","embeddable":true,"href":"https:\/\/medicina.uncoma.edu.ar\/index.php\/wp-json\/wp\/v2\/tags?post=6757"}],"curies":[{"name":"wp","href":"https:\/\/api.w.org\/{rel}","templated":true}]}}