{"id":6677,"date":"2023-04-04T20:31:50","date_gmt":"2023-04-04T23:31:50","guid":{"rendered":"https:\/\/medicina.uncoma.edu.ar\/?p=6677"},"modified":"2023-04-05T16:59:50","modified_gmt":"2023-04-05T19:59:50","slug":"jornada-de-extension-concientizacion-y-dialogo-sobre-autismo","status":"publish","type":"post","link":"https:\/\/medicina.uncoma.edu.ar\/index.php\/extension\/actividades-de-extension\/jornada-de-extension-concientizacion-y-dialogo-sobre-autismo\/","title":{"rendered":"Jornada de Extensi\u00f3n &#8220;Concientizaci\u00f3n y Di\u00e1logo sobre Autismo&#8221;"},"content":{"rendered":"<p><strong>Novedades:<\/strong> Reabrimos las inscripciones con el fin de tener el contacto de todos\/as los\/as interesados\/as y ante la posibilidad de conseguir un espacio m\u00e1s grande y\/o virtualizar la actividad para quienes no puedan asistir.<\/p>\n<p><a href=\"https:\/\/docs.google.com\/forms\/d\/e\/1FAIpQLSeYCozzkE4NO95YRaCychtB5vsReG4KhY99t2Ml6PPS-N9UWg\/closedform\" target=\"_blank\" rel=\"noopener\"><br \/>\n<img fetchpriority=\"high\" decoding=\"async\" src=\"https:\/\/medicina.uncoma.edu.ar\/wp-content\/uploads\/2023\/04\/Jornadas-TEA_page-0001.jpg\" alt=\"\" class=\"wp-image-6678 aligncenter\" width=\"617\" height=\"872\" \/><\/a><\/p>\n<p style=\"text-align: left;\">La presente es una propuesta formativa para la comunidad y los equipos de salud en el marco de que el 2 de Abril es el \u201cD\u00eda Mundial de Concientizaci\u00f3n sobre el Autismo\u201d. Las organizaciones vinculadas a la tem\u00e1tica realizan actividades durante todo el mes para continuar sensibilizando sobre el tema.<br \/>\nLas personas con condiciones del espectro autista encuentra barreras que impiden la mejora de su bienestar. Surgen obst\u00e1culos en su inclusi\u00f3n y participaci\u00f3n social, en el ejercicio pleno de derechos como educaci\u00f3n, trabajo, salud, acceso a la justicia y movilidad en comunidad. El derecho a tomar sus propias decisiones con independencia de las necesidades de apoyo que puedan presentar es imprescindible. Por eso, estos sistemas de apoyo deben ser individualizados y con oportunidades reales para expresar sus prioridades y orientar hacia ellas sus decisiones.<\/p>\n<p><strong>Programa:<\/strong><br \/>\n<strong>16:00: Acreditaci\u00f3n y Presentaci\u00f3n.<\/strong><br \/>\n<strong>16:15: \u201cAutismo y Diversidad Funcional\u201d.\u00a0<\/strong><strong>Juan Jos\u00e9 Lopez Luro, M\u00e9d. <\/strong><strong>Pediatra Esp. en Desarrollo.<\/strong><br \/>\n<strong>17:15: Break<\/strong><br \/>\n<strong>17:30: \u201cRol de la Familia y rol del Estado en relaci\u00f3n al Autismo\u201d.\u00a0<\/strong><strong>Gast\u00f3n D\u2019Angelo, Directo <\/strong><strong>Fundaci\u00f3n Faro Patagonia.<\/strong><br \/>\n<strong>18:30: Plenario y propuestas.<\/strong><\/p>\n<p><span style=\"font-size: 18pt;\">\u2192\u00a0<a href=\"https:\/\/forms.gle\/yQgGa4Y1M44Xgzzh8\">Inscripciones aqu\u00ed<\/a><\/span><\/p>\n","protected":false},"excerpt":{"rendered":"<p>Novedades: Reabrimos las inscripciones con el fin de tener el contacto de todos\/as los\/as interesados\/as y ante la posibilidad de conseguir un espacio m\u00e1s grande y\/o virtualizar la actividad para quienes no puedan asistir. La presente es una propuesta formativa para la comunidad y los equipos de salud en el marco de que el 2 [&hellip;]<\/p>\n","protected":false},"author":15,"featured_media":6678,"comment_status":"closed","ping_status":"closed","sticky":false,"template":"","format":"standard","meta":{"_acf_changed":false,"footnotes":""},"categories":[95,166],"tags":[],"class_list":["post-6677","post","type-post","status-publish","format-standard","has-post-thumbnail","hentry","category-actividades-de-extension","category-extension"],"acf":[],"_links":{"self":[{"href":"https:\/\/medicina.uncoma.edu.ar\/index.php\/wp-json\/wp\/v2\/posts\/6677","targetHints":{"allow":["GET"]}}],"collection":[{"href":"https:\/\/medicina.uncoma.edu.ar\/index.php\/wp-json\/wp\/v2\/posts"}],"about":[{"href":"https:\/\/medicina.uncoma.edu.ar\/index.php\/wp-json\/wp\/v2\/types\/post"}],"author":[{"embeddable":true,"href":"https:\/\/medicina.uncoma.edu.ar\/index.php\/wp-json\/wp\/v2\/users\/15"}],"replies":[{"embeddable":true,"href":"https:\/\/medicina.uncoma.edu.ar\/index.php\/wp-json\/wp\/v2\/comments?post=6677"}],"version-history":[{"count":10,"href":"https:\/\/medicina.uncoma.edu.ar\/index.php\/wp-json\/wp\/v2\/posts\/6677\/revisions"}],"predecessor-version":[{"id":6680,"href":"https:\/\/medicina.uncoma.edu.ar\/index.php\/wp-json\/wp\/v2\/posts\/6677\/revisions\/6680"}],"wp:featuredmedia":[{"embeddable":true,"href":"https:\/\/medicina.uncoma.edu.ar\/index.php\/wp-json\/wp\/v2\/media\/6678"}],"wp:attachment":[{"href":"https:\/\/medicina.uncoma.edu.ar\/index.php\/wp-json\/wp\/v2\/media?parent=6677"}],"wp:term":[{"taxonomy":"category","embeddable":true,"href":"https:\/\/medicina.uncoma.edu.ar\/index.php\/wp-json\/wp\/v2\/categories?post=6677"},{"taxonomy":"post_tag","embeddable":true,"href":"https:\/\/medicina.uncoma.edu.ar\/index.php\/wp-json\/wp\/v2\/tags?post=6677"}],"curies":[{"name":"wp","href":"https:\/\/api.w.org\/{rel}","templated":true}]}}