{"id":4244,"date":"2022-03-18T15:15:07","date_gmt":"2022-03-18T18:15:07","guid":{"rendered":"http:\/\/170.210.81.106\/facimed\/index.php\/proyectos-de-extension\/proyectos-extension-2022\/"},"modified":"2022-09-20T15:33:54","modified_gmt":"2022-09-20T18:33:54","slug":"proyectos-extension-2022","status":"publish","type":"post","link":"https:\/\/medicina.uncoma.edu.ar\/index.php\/extension\/proyectos-de-extension\/proyectos-extension-2022\/","title":{"rendered":"Proyectos de Extensi\u00f3n vigentes"},"content":{"rendered":"<p><span style=\"color: #333399;\"><strong>CONVOCATORIA 2021 &#8211; PANDEMIA Y POSPANDEMIA\u00a0<\/strong><\/span><\/p>\n<p><b>Tel\u00e9fono<\/b><strong>\u00a0amigo (Res. CD N\u00ba 270\/22)<\/strong><\/p>\n<p>Dir. Del&#8217;Orfano Mabel &#8211; Co-Dir. De Monte Ailen<\/p>\n<p>Objetivo: Promover los beneficios personales y sociales que propone el servicio. Brindar contenci\u00f3n a las personas que se encuentran en dificultad a traves de una escucha telefonica. Formaci\u00f3n y acompa\u00f1amiento a los participantes del proyecto para que desarrollen una escucha emp\u00e1tica. Promover un mayor intercambio sociocultural entre Argentina e Italia. Mejorar la fluidez comunicativa del idioma italiano en los participantes.<\/p>\n<p><strong>&#8220;Red-De.Se.Ar&#8221; (Res. CD N\u00ba 271\/22)<\/strong><\/p>\n<p>Dir. Albardonedo Valeria &#8211; Co-Dir. Riera Ma. Luz<\/p>\n<p>Objetivo: Fortalecer, territorializar y acompa\u00f1ar el ejercicio de los derechos sexuales en clave de g\u00e9nero y diversidades en el Alto Valle de Rio Negro y Neuqu\u00e9n<\/p>\n<p><strong>Reconstruir entre todos la Salud en tiempos de Pandemia (Res. CD N\u00ba 272\/22)<\/strong><\/p>\n<p>Dir. Jorge Lorena &#8211; Co-Dir. Albizua Fernando<\/p>\n<p>Objetivo: Construir y favorecer el conocimiento entre los actores sociales de Los Menucos y la comunidad educativa de la FaCiMed a fin de contribuir en la reconstrucci\u00f3n de la salud postpandemia generando espacios de capacitaci\u00f3n, asesoramiento, atenci\u00f3n y promoci\u00f3n de actividades conjuntas.<\/p>\n<p><span style=\"color: #333399;\"><strong>CONVOCATORIA 2020 &#8211; VULNERABILIDADES<\/strong><\/span><\/p>\n<p><b>Soberan\u00eda<\/b><strong>\u00a0alimentaria como camino hacia el buen vivir (Res. CD N\u00ba 103\/21)\u00a0<\/strong><\/p>\n<p>Dir. Quintana Maria Martha<\/p>\n<p>Objetivo: Articular redes de capacitaci\u00f3n y extensi\u00f3n a las comunidades donde se trabajen los aspectos relacionados a la salud colectiva, alimentaci\u00f3n saludable, y tambi\u00e9n donde estudiantes de grado de carreras de la UNCo tengan un acercamiento pre-profesional a las realidades socioambientales que surjan de las distintas huertas. El trabajo en red beneficiar\u00eda a las comunidades y enriquecer\u00eda a su vez a la formaci\u00f3n de nuestros estudiantes.<\/p>\n<p>&nbsp;<\/p>\n","protected":false},"excerpt":{"rendered":"<p>CONVOCATORIA 2021 &#8211; PANDEMIA Y POSPANDEMIA\u00a0 Tel\u00e9fono\u00a0amigo (Res. CD N\u00ba 270\/22) Dir. Del&#8217;Orfano Mabel &#8211; Co-Dir. De Monte Ailen Objetivo: Promover los beneficios personales y sociales que propone el servicio. Brindar contenci\u00f3n a las personas que se encuentran en dificultad a traves de una escucha telefonica. Formaci\u00f3n y acompa\u00f1amiento a los participantes del proyecto para [&hellip;]<\/p>\n","protected":false},"author":1,"featured_media":2603,"comment_status":"closed","ping_status":"closed","sticky":false,"template":"","format":"standard","meta":{"_acf_changed":false,"footnotes":""},"categories":[83],"tags":[],"class_list":["post-4244","post","type-post","status-publish","format-standard","has-post-thumbnail","hentry","category-proyectos-de-extension"],"acf":[],"_links":{"self":[{"href":"https:\/\/medicina.uncoma.edu.ar\/index.php\/wp-json\/wp\/v2\/posts\/4244","targetHints":{"allow":["GET"]}}],"collection":[{"href":"https:\/\/medicina.uncoma.edu.ar\/index.php\/wp-json\/wp\/v2\/posts"}],"about":[{"href":"https:\/\/medicina.uncoma.edu.ar\/index.php\/wp-json\/wp\/v2\/types\/post"}],"author":[{"embeddable":true,"href":"https:\/\/medicina.uncoma.edu.ar\/index.php\/wp-json\/wp\/v2\/users\/1"}],"replies":[{"embeddable":true,"href":"https:\/\/medicina.uncoma.edu.ar\/index.php\/wp-json\/wp\/v2\/comments?post=4244"}],"version-history":[{"count":2,"href":"https:\/\/medicina.uncoma.edu.ar\/index.php\/wp-json\/wp\/v2\/posts\/4244\/revisions"}],"predecessor-version":[{"id":5575,"href":"https:\/\/medicina.uncoma.edu.ar\/index.php\/wp-json\/wp\/v2\/posts\/4244\/revisions\/5575"}],"wp:featuredmedia":[{"embeddable":true,"href":"https:\/\/medicina.uncoma.edu.ar\/index.php\/wp-json\/wp\/v2\/media\/2603"}],"wp:attachment":[{"href":"https:\/\/medicina.uncoma.edu.ar\/index.php\/wp-json\/wp\/v2\/media?parent=4244"}],"wp:term":[{"taxonomy":"category","embeddable":true,"href":"https:\/\/medicina.uncoma.edu.ar\/index.php\/wp-json\/wp\/v2\/categories?post=4244"},{"taxonomy":"post_tag","embeddable":true,"href":"https:\/\/medicina.uncoma.edu.ar\/index.php\/wp-json\/wp\/v2\/tags?post=4244"}],"curies":[{"name":"wp","href":"https:\/\/api.w.org\/{rel}","templated":true}]}}