{"id":12972,"date":"2026-06-22T11:07:40","date_gmt":"2026-06-22T14:07:40","guid":{"rendered":"https:\/\/medicina.uncoma.edu.ar\/?p=12972"},"modified":"2026-06-22T11:07:51","modified_gmt":"2026-06-22T14:07:51","slug":"orden-de-merito-asig-farmacologia-i-y-ii-carrera-tec-universitaria-en-farmacia-junin-de-los-andes","status":"publish","type":"post","link":"https:\/\/medicina.uncoma.edu.ar\/index.php\/novedades\/orden-de-merito-asig-farmacologia-i-y-ii-carrera-tec-universitaria-en-farmacia-junin-de-los-andes\/","title":{"rendered":"ORDEN DE M\u00c9RITO \u2013 Asig. FARMACOLOG\u00cdA I Y II &#8211; CARRERA: TEC. UNIVERSITARIA EN FARMACIA &#8211; JUN\u00cdN DE LOS ANDES."},"content":{"rendered":"<p>Compartimos el Orden de M\u00e9rito de la selecci\u00f3n docente para las asignaturas\u00a0 Farmacolog\u00eda I y II, correspondiente al cargo de Jefe de Trabajos Pr\u00e1cticos de la carrera: Tec. Universitaria en Farmacia, con Localizaci\u00f3n en la ciudad de Jun\u00edn de los Andes, Provincia de Neuqu\u00e9n.<\/p>\n<p><a href=\"https:\/\/medicina.uncoma.edu.ar\/wp-content\/uploads\/2026\/06\/ORDEN-DE-MERITO-FARMACOLOGIA-I-Y-II-CARGO-JTP.pdf\">ORDEN DE MERITO FARMACOLOG\u00cdA I Y II CARGO JTP<\/a><\/p>\n<p>&nbsp;<\/p>\n","protected":false},"excerpt":{"rendered":"<p>Compartimos el Orden de M\u00e9rito de la selecci\u00f3n docente para las asignaturas\u00a0 Farmacolog\u00eda I y II, correspondiente al cargo de Jefe de Trabajos Pr\u00e1cticos de la carrera: Tec. Universitaria en Farmacia, con Localizaci\u00f3n en la ciudad de Jun\u00edn de los Andes, Provincia de Neuqu\u00e9n. ORDEN DE MERITO FARMACOLOG\u00cdA I Y II CARGO JTP &nbsp;<\/p>\n","protected":false},"author":10,"featured_media":2603,"comment_status":"closed","ping_status":"closed","sticky":false,"template":"","format":"standard","meta":{"_acf_changed":false,"footnotes":""},"categories":[160,107,176],"tags":[],"class_list":["post-12972","post","type-post","status-publish","format-standard","has-post-thumbnail","hentry","category-academica","category-novedades","category-novedades-docentes"],"acf":[],"_links":{"self":[{"href":"https:\/\/medicina.uncoma.edu.ar\/index.php\/wp-json\/wp\/v2\/posts\/12972","targetHints":{"allow":["GET"]}}],"collection":[{"href":"https:\/\/medicina.uncoma.edu.ar\/index.php\/wp-json\/wp\/v2\/posts"}],"about":[{"href":"https:\/\/medicina.uncoma.edu.ar\/index.php\/wp-json\/wp\/v2\/types\/post"}],"author":[{"embeddable":true,"href":"https:\/\/medicina.uncoma.edu.ar\/index.php\/wp-json\/wp\/v2\/users\/10"}],"replies":[{"embeddable":true,"href":"https:\/\/medicina.uncoma.edu.ar\/index.php\/wp-json\/wp\/v2\/comments?post=12972"}],"version-history":[{"count":2,"href":"https:\/\/medicina.uncoma.edu.ar\/index.php\/wp-json\/wp\/v2\/posts\/12972\/revisions"}],"predecessor-version":[{"id":12974,"href":"https:\/\/medicina.uncoma.edu.ar\/index.php\/wp-json\/wp\/v2\/posts\/12972\/revisions\/12974"}],"wp:featuredmedia":[{"embeddable":true,"href":"https:\/\/medicina.uncoma.edu.ar\/index.php\/wp-json\/wp\/v2\/media\/2603"}],"wp:attachment":[{"href":"https:\/\/medicina.uncoma.edu.ar\/index.php\/wp-json\/wp\/v2\/media?parent=12972"}],"wp:term":[{"taxonomy":"category","embeddable":true,"href":"https:\/\/medicina.uncoma.edu.ar\/index.php\/wp-json\/wp\/v2\/categories?post=12972"},{"taxonomy":"post_tag","embeddable":true,"href":"https:\/\/medicina.uncoma.edu.ar\/index.php\/wp-json\/wp\/v2\/tags?post=12972"}],"curies":[{"name":"wp","href":"https:\/\/api.w.org\/{rel}","templated":true}]}}